{"id":135,"date":"2017-10-15T07:41:46","date_gmt":"2017-10-15T05:41:46","guid":{"rendered":"https:\/\/blogs.donboscovolunteers.de\/danielinsambia\/?p=135"},"modified":"2018-01-16T15:31:10","modified_gmt":"2018-01-16T14:31:10","slug":"das-mariencamp-ein-wochenende-im-zeichen-marias","status":"publish","type":"post","link":"https:\/\/blogs.donboscovolunteers.de\/danielinsambia\/2017\/10\/15\/das-mariencamp-ein-wochenende-im-zeichen-marias\/","title":{"rendered":"Das Mariencamp, ein Wochenende im Zeichen Marias"},"content":{"rendered":"<p>Der Oktober ist bekanntlich neben dem Mai, der Gottesmutter Maria geweiht und gilt au\u00dferdem als Rosenkranzmonat. Daher findet hier bei den Salesianern, am ersten Wochenende im Oktober ein Mariencamp statt. Wie der Name schon sagt, dreht sich an diesem Wochenende alles um Maria. Zu diesem Camp haben sich in diesem Jahr ca. 30 Jugendliche angemeldet. Am Freitagabend, des 29. Septembers begann das Mariencamp auf dem Gel\u00e4nde der <a href=\"https:\/\/www.donboscomission.de\/don-bosco\/erbe\/\">Salesianer Don Boscos<\/a>. Wir deutschen Volont\u00e4re gerieten schon vor dem eigentlichen Beginn, aus Gewohnheit etwas in Panik, da noch keine Teilnehmer da waren. Auch eine Stunde sp\u00e4ter waren noch nicht viele Leute anwesend. Erst gegen 21 Uhr waren wir genug um anzufangen, dass hei\u00dft drei Stunden sp\u00e4ter als unser Plan dies vorschrieb.<\/p>\n<p>Daher wurde es mit dem eigentlichen Programm an diesen Tag nichts mehr. Nach dem Rosenkranzgebet und ein paar Kennenlernspielen, die sich wir und die Schwestern \u00fcberlegt hatten, folgte das gemeinsame Abendessen. Es gab, wie fast immer Nshima als Hauptbeilage, welches hier die meisten mit den H\u00e4nden essen. An diesem Abend gab es drau\u00dfen sowieso kein Besteck und somit waren wir dazu gezwungen, nach dem gr\u00fcndlichen H\u00e4ndewaschen, mit den H\u00e4nden zu essen. Dabei stellte ich mich erstmal noch etwas bl\u00f6d an, vor allem da, ich mir beim Kneten des Maisbreis immer wieder die H\u00e4nde verbrannte. Auch war dies f\u00fcr mich erstmal ziemlich ungewohnt, doch die Campteilnehmer zeigten mir, wie es richtig geht. Irgendwann klappte es dann auch.<\/p>\n<p><img loading=\"lazy\" decoding=\"async\" class=\"alignnone size-medium wp-image-138\" src=\"https:\/\/blogs.donboscovolunteers.de\/danielinsambia\/wp-content\/uploads\/sites\/21500\/2017\/10\/20171008_143559-300x225.jpg\" alt=\"\" width=\"300\" height=\"225\" srcset=\"https:\/\/blogs.donboscovolunteers.de\/danielinsambia\/wp-content\/uploads\/sites\/21500\/2017\/10\/20171008_143559-300x225.jpg 300w, https:\/\/blogs.donboscovolunteers.de\/danielinsambia\/wp-content\/uploads\/sites\/21500\/2017\/10\/20171008_143559-768x576.jpg 768w, https:\/\/blogs.donboscovolunteers.de\/danielinsambia\/wp-content\/uploads\/sites\/21500\/2017\/10\/20171008_143559-1024x768.jpg 1024w, https:\/\/blogs.donboscovolunteers.de\/danielinsambia\/wp-content\/uploads\/sites\/21500\/2017\/10\/20171008_143559-900x675.jpg 900w, https:\/\/blogs.donboscovolunteers.de\/danielinsambia\/wp-content\/uploads\/sites\/21500\/2017\/10\/20171008_143559.jpg 1280w\" sizes=\"auto, (max-width: 300px) 100vw, 300px\" \/><br \/>\nDie Halle, in der das Mariencamp ausgetragen wurde.<\/p>\n<p>Wegen der fortgeschrittenen Zeit, ging es nach dem Abendgebet ins Bett. Ich war sehr froh dar\u00fcber, dass wir nicht zusammen mit den Campteilnehmern in der Halle schlafen mussten, sondern in unseren eigenen Zimmerer schlafen durften. So konnten wir uns besser von diesem langen Tag erholen.<\/p>\n<p>Mehr oder weniger gut ausgeschlafen starteten wir um 7 Uhr in den n\u00e4chsten Tag. An diesem musste das Programm ziemlich komprimiert werden, da die zwei Vortr\u00e4ge vom Vortag noch mit in das Tagesprogramm aufgenommen werden mussten. Pater Macarius hielt einen Vortrag \u00fcber Maria in der Bibel, Schwester Evelyna \u00fcber den Ursprung des Rosenkranzgebetes und Timothy, ein Leiter im Oratorium, \u00fcber die Wunder Marias. Dazwischen lockerten wir die Vortr\u00e4ge mit einigen Energizern auf, die durch den enger gewordenen Zeitplan leider etwas k\u00fcrzer kamen. Vor dem Mittagessen stand noch eine heilige Messe auf dem Programm, die vorher von den Teilnehmern vorbereitet wurde. Nach dem Mittagessen startete dann unsere Gruppendiskussion, bei der jede Gruppe zwei Fragen diskutieren musste, die im Zusammenhang mit Maria und den vorherigen Vortr\u00e4gen standen. Au\u00dferdem mussten die Teilnehmer ein Kreuzwortr\u00e4tsel \u00fcber Maria ausf\u00fcllen.<\/p>\n<p>Danach begannen wir Volont\u00e4re, den von uns vorbereiteten Vortrag, \u00fcber die Marienerscheinungen in Fatima. Wir w\u00e4hlten dieses Thema aus, da sich die Erscheinungen von Fatima, in diesem Jahr zum hunderten Mal j\u00e4hren und da zwei, der drei Seherkinder, in diesem Jahr von Papst Franziskus heilig gesprochen wurden. Den Vortrag unterteilten wir in einige Unterthemen, die jeder von uns abwechselnd vortrug. So erkl\u00e4rte ich zum Beispiel, die Lebensumst\u00e4nde, die zu dieser Zeit in Portugal herrschten und informierte \u00fcber die Regelm\u00e4\u00dfigkeit der Erscheinungen. Nach diesen Basic-Vortr\u00e4gen, teilten wir die Teilnehmer in drei Gruppen auf. Jeder Volont\u00e4r stellte dann jeder Gruppe eines, der drei Seherkinder vor. Ich stellte Francisco vor und beantwortete nach dem Vortrag alle gestellten Fragen, zu meinem Thema.<\/p>\n<p>Die folgenden zwei Vortr\u00e4ge handelten \u00fcber <a href=\"https:\/\/www.donboscomission.de\/don-bosco\/\">Don Bosco<\/a> und seine Verbindung zu Maria, sowie \u00fcber die Dogmen, die jeweils von Schwester Justina und Elisabeth vorgetragen wurden. Nach dem Rosenkranzgebet und dem Abendessen stellten die Gruppen ihre Ergebnisse aus der Gruppendiskussion vor. Dabei war ich erstaun wie pr\u00e4zise und tiefgehend die meisten Gruppen unsere Fragen beantwortet hatten.<\/p>\n<p>Josef hielt danach den letzten Vortrag, der \u00fcber den bayerischen Marienpilgerort Alt\u00f6ttigen handelte. Zum Abschluss des Tages wollten wir dann eigentlich einen Film \u00fcber Fatima schauen, doch leider machte die Technik gro\u00dfe Probleme und so, konnten wir erst sehr sp\u00e4t mit dem Film beginnen, sodass wir uns leider nicht den ganzen Film ansehen konnten. Auch war die Tonqualit\u00e4t leider sehr schlecht, wodurch man nicht alles verstehen konnte. Am n\u00e4chsten Morgen mussten die Kursteilnehmer nach dem Fr\u00fchst\u00fcck nochmal alle Vortr\u00e4ge Revue passieren lassen und anhand von Fragen, im Format 1,2, oder 3 \u00fcberpr\u00fcften wir, was alles vom Mariencamp h\u00e4ngen geblieben war. Den Abschluss bildete die englische Sonntagsmesse. Ich hatte den Eindruck, dass die Jugendlichen nach unserem Camp mehr \u00fcber Maria wissen und ihre zugesprochene, besondere Rolle in der katholischen Kirche besser verstehen. Allen Beteiligten ist nach dem Camp aber auch vieles aufgefallen, was noch nicht so gut lief. Dies wollen wir beim n\u00e4chsten Camp besser machen. So soll zum Beispiel das vorher festgelegte Programm strikter eingehalten werden und die Technik besser laufen. Ein Pater meinte nach dem Mariencamp, dass er das alles f\u00fcr m\u00f6glich halte, nur m\u00fcsse die Planung fr\u00fcher starten und man m\u00fcsse sich noch intensiver vorbereiten. Trotzdem kamen wir durch enorme Flexibilit\u00e4t dann doch durch alle Vortr\u00e4gen und konnten den Teilnehmern vieles \u00fcber Maria vermitteln. Ich finde es au\u00dferdem interessant, wie gut man es hier schafft, Jugendliche f\u00fcr religi\u00f6se Themen zu begeistern.<\/p>\n<p>Insgesamt hat mir das Mariencamp also gut gefallen. Auch freue ich mich, dass ihr euch wieder auf meinem Blog umgeschaut habt und auch diesen Artikel gelesen habt. Kommentiert auch gerne wieder diesen, sowie auch die anderen Artikel flei\u00dfig. Schaut au\u00dferdem immer mal wieder in meinem Blog rein, denn bald wird es schon wieder einen neuen Artikel geben.<\/p>\n<p>Ich hoffe es geht euch gut!<\/p>\n<p>Herzliche Gr\u00fc\u00dfe aus Sambia!<\/p>\n<p>Euer Daniel<\/p>\n","protected":false},"excerpt":{"rendered":"<p>Der Oktober ist bekanntlich neben dem Mai, der Gottesmutter Maria geweiht und gilt au\u00dferdem als Rosenkranzmonat. Daher findet hier bei den Salesianern, am ersten Wochenende im Oktober ein Mariencamp statt. Wie der Name schon sagt, dreht sich an diesem Wochenende alles um Maria. Zu diesem Camp haben sich in diesem Jahr ca. 30 Jugendliche angemeldet. [&hellip;]<\/p>\n","protected":false},"author":21551,"featured_media":0,"comment_status":"open","ping_status":"open","sticky":false,"template":"","format":"standard","meta":{"footnotes":""},"categories":[1],"tags":[],"class_list":["post-135","post","type-post","status-publish","format-standard","hentry","category-allgemein"],"yoast_head":"<!-- This site is optimized with the Yoast SEO plugin v25.3.1 - https:\/\/yoast.com\/wordpress\/plugins\/seo\/ -->\n<title>Das Mariencamp, ein Wochenende im Zeichen Marias - Daniel in Sambia<\/title>\n<meta name=\"robots\" content=\"index, follow, max-snippet:-1, max-image-preview:large, max-video-preview:-1\" \/>\n<link rel=\"canonical\" href=\"https:\/\/blogs.donboscovolunteers.de\/danielinsambia\/2017\/10\/15\/das-mariencamp-ein-wochenende-im-zeichen-marias\/\" \/>\n<meta property=\"og:locale\" content=\"de_DE\" \/>\n<meta property=\"og:type\" content=\"article\" \/>\n<meta property=\"og:title\" content=\"Das Mariencamp, ein Wochenende im Zeichen Marias - Daniel in Sambia\" \/>\n<meta property=\"og:description\" content=\"Der Oktober ist bekanntlich neben dem Mai, der Gottesmutter Maria geweiht und gilt au\u00dferdem als Rosenkranzmonat. Daher findet hier bei den Salesianern, am ersten Wochenende im Oktober ein Mariencamp statt. Wie der Name schon sagt, dreht sich an diesem Wochenende alles um Maria. Zu diesem Camp haben sich in diesem Jahr ca. 30 Jugendliche angemeldet. [&hellip;]\" \/>\n<meta property=\"og:url\" content=\"https:\/\/blogs.donboscovolunteers.de\/danielinsambia\/2017\/10\/15\/das-mariencamp-ein-wochenende-im-zeichen-marias\/\" \/>\n<meta property=\"og:site_name\" content=\"Daniel in Sambia\" \/>\n<meta property=\"article:published_time\" content=\"2017-10-15T05:41:46+00:00\" \/>\n<meta property=\"article:modified_time\" content=\"2018-01-16T14:31:10+00:00\" \/>\n<meta property=\"og:image\" content=\"https:\/\/blogs.donboscovolunteers.de\/danielinsambia\/wp-content\/uploads\/sites\/21500\/2017\/10\/20171008_143559-300x225.jpg\" \/>\n<meta name=\"author\" content=\"Daniel Thielges\" \/>\n<meta name=\"twitter:card\" content=\"summary_large_image\" \/>\n<meta name=\"twitter:label1\" content=\"Verfasst von\" \/>\n\t<meta name=\"twitter:data1\" content=\"Daniel Thielges\" \/>\n\t<meta name=\"twitter:label2\" content=\"Gesch\u00e4tzte Lesezeit\" \/>\n\t<meta name=\"twitter:data2\" content=\"5\u00a0Minuten\" \/>\n<script type=\"application\/ld+json\" class=\"yoast-schema-graph\">{\"@context\":\"https:\/\/schema.org\",\"@graph\":[{\"@type\":\"WebPage\",\"@id\":\"https:\/\/blogs.donboscovolunteers.de\/danielinsambia\/2017\/10\/15\/das-mariencamp-ein-wochenende-im-zeichen-marias\/\",\"url\":\"https:\/\/blogs.donboscovolunteers.de\/danielinsambia\/2017\/10\/15\/das-mariencamp-ein-wochenende-im-zeichen-marias\/\",\"name\":\"Das Mariencamp, ein Wochenende im Zeichen Marias - Daniel in Sambia\",\"isPartOf\":{\"@id\":\"https:\/\/blogs.donboscovolunteers.de\/danielinsambia\/#website\"},\"primaryImageOfPage\":{\"@id\":\"https:\/\/blogs.donboscovolunteers.de\/danielinsambia\/2017\/10\/15\/das-mariencamp-ein-wochenende-im-zeichen-marias\/#primaryimage\"},\"image\":{\"@id\":\"https:\/\/blogs.donboscovolunteers.de\/danielinsambia\/2017\/10\/15\/das-mariencamp-ein-wochenende-im-zeichen-marias\/#primaryimage\"},\"thumbnailUrl\":\"https:\/\/blogs.donboscovolunteers.de\/danielinsambia\/wp-content\/uploads\/sites\/21500\/2017\/10\/20171008_143559-300x225.jpg\",\"datePublished\":\"2017-10-15T05:41:46+00:00\",\"dateModified\":\"2018-01-16T14:31:10+00:00\",\"author\":{\"@id\":\"https:\/\/blogs.donboscovolunteers.de\/danielinsambia\/#\/schema\/person\/5c4e3e8a640bce625d863420dec4763b\"},\"breadcrumb\":{\"@id\":\"https:\/\/blogs.donboscovolunteers.de\/danielinsambia\/2017\/10\/15\/das-mariencamp-ein-wochenende-im-zeichen-marias\/#breadcrumb\"},\"inLanguage\":\"de\",\"potentialAction\":[{\"@type\":\"ReadAction\",\"target\":[\"https:\/\/blogs.donboscovolunteers.de\/danielinsambia\/2017\/10\/15\/das-mariencamp-ein-wochenende-im-zeichen-marias\/\"]}]},{\"@type\":\"ImageObject\",\"inLanguage\":\"de\",\"@id\":\"https:\/\/blogs.donboscovolunteers.de\/danielinsambia\/2017\/10\/15\/das-mariencamp-ein-wochenende-im-zeichen-marias\/#primaryimage\",\"url\":\"https:\/\/blogs.donboscovolunteers.de\/danielinsambia\/wp-content\/uploads\/sites\/21500\/2017\/10\/20171008_143559.jpg\",\"contentUrl\":\"https:\/\/blogs.donboscovolunteers.de\/danielinsambia\/wp-content\/uploads\/sites\/21500\/2017\/10\/20171008_143559.jpg\",\"width\":1280,\"height\":960},{\"@type\":\"BreadcrumbList\",\"@id\":\"https:\/\/blogs.donboscovolunteers.de\/danielinsambia\/2017\/10\/15\/das-mariencamp-ein-wochenende-im-zeichen-marias\/#breadcrumb\",\"itemListElement\":[{\"@type\":\"ListItem\",\"position\":1,\"name\":\"Startseite\",\"item\":\"https:\/\/blogs.donboscovolunteers.de\/danielinsambia\/\"},{\"@type\":\"ListItem\",\"position\":2,\"name\":\"Das Mariencamp, ein Wochenende im Zeichen Marias\"}]},{\"@type\":\"WebSite\",\"@id\":\"https:\/\/blogs.donboscovolunteers.de\/danielinsambia\/#website\",\"url\":\"https:\/\/blogs.donboscovolunteers.de\/danielinsambia\/\",\"name\":\"Daniel in Sambia\",\"description\":\"Autor: Daniel Thielges\",\"potentialAction\":[{\"@type\":\"SearchAction\",\"target\":{\"@type\":\"EntryPoint\",\"urlTemplate\":\"https:\/\/blogs.donboscovolunteers.de\/danielinsambia\/?s={search_term_string}\"},\"query-input\":{\"@type\":\"PropertyValueSpecification\",\"valueRequired\":true,\"valueName\":\"search_term_string\"}}],\"inLanguage\":\"de\"},{\"@type\":\"Person\",\"@id\":\"https:\/\/blogs.donboscovolunteers.de\/danielinsambia\/#\/schema\/person\/5c4e3e8a640bce625d863420dec4763b\",\"name\":\"Daniel Thielges\",\"image\":{\"@type\":\"ImageObject\",\"inLanguage\":\"de\",\"@id\":\"https:\/\/blogs.donboscovolunteers.de\/danielinsambia\/#\/schema\/person\/image\/\",\"url\":\"https:\/\/secure.gravatar.com\/avatar\/0dd899f5e980bf563cbb7463cd6cf063ef51cff815b148115f22dc84a5fa17a9?s=96&d=mm&r=g\",\"contentUrl\":\"https:\/\/secure.gravatar.com\/avatar\/0dd899f5e980bf563cbb7463cd6cf063ef51cff815b148115f22dc84a5fa17a9?s=96&d=mm&r=g\",\"caption\":\"Daniel Thielges\"},\"url\":\"https:\/\/blogs.donboscovolunteers.de\/danielinsambia\/author\/danielthielges\/\"}]}<\/script>\n<!-- \/ Yoast SEO plugin. -->","yoast_head_json":{"title":"Das Mariencamp, ein Wochenende im Zeichen Marias - Daniel in Sambia","robots":{"index":"index","follow":"follow","max-snippet":"max-snippet:-1","max-image-preview":"max-image-preview:large","max-video-preview":"max-video-preview:-1"},"canonical":"https:\/\/blogs.donboscovolunteers.de\/danielinsambia\/2017\/10\/15\/das-mariencamp-ein-wochenende-im-zeichen-marias\/","og_locale":"de_DE","og_type":"article","og_title":"Das Mariencamp, ein Wochenende im Zeichen Marias - Daniel in Sambia","og_description":"Der Oktober ist bekanntlich neben dem Mai, der Gottesmutter Maria geweiht und gilt au\u00dferdem als Rosenkranzmonat. Daher findet hier bei den Salesianern, am ersten Wochenende im Oktober ein Mariencamp statt. Wie der Name schon sagt, dreht sich an diesem Wochenende alles um Maria. Zu diesem Camp haben sich in diesem Jahr ca. 30 Jugendliche angemeldet. [&hellip;]","og_url":"https:\/\/blogs.donboscovolunteers.de\/danielinsambia\/2017\/10\/15\/das-mariencamp-ein-wochenende-im-zeichen-marias\/","og_site_name":"Daniel in Sambia","article_published_time":"2017-10-15T05:41:46+00:00","article_modified_time":"2018-01-16T14:31:10+00:00","og_image":[{"url":"https:\/\/blogs.donboscovolunteers.de\/danielinsambia\/wp-content\/uploads\/sites\/21500\/2017\/10\/20171008_143559-300x225.jpg","type":"","width":"","height":""}],"author":"Daniel Thielges","twitter_card":"summary_large_image","twitter_misc":{"Verfasst von":"Daniel Thielges","Gesch\u00e4tzte Lesezeit":"5\u00a0Minuten"},"schema":{"@context":"https:\/\/schema.org","@graph":[{"@type":"WebPage","@id":"https:\/\/blogs.donboscovolunteers.de\/danielinsambia\/2017\/10\/15\/das-mariencamp-ein-wochenende-im-zeichen-marias\/","url":"https:\/\/blogs.donboscovolunteers.de\/danielinsambia\/2017\/10\/15\/das-mariencamp-ein-wochenende-im-zeichen-marias\/","name":"Das Mariencamp, ein Wochenende im Zeichen Marias - Daniel in Sambia","isPartOf":{"@id":"https:\/\/blogs.donboscovolunteers.de\/danielinsambia\/#website"},"primaryImageOfPage":{"@id":"https:\/\/blogs.donboscovolunteers.de\/danielinsambia\/2017\/10\/15\/das-mariencamp-ein-wochenende-im-zeichen-marias\/#primaryimage"},"image":{"@id":"https:\/\/blogs.donboscovolunteers.de\/danielinsambia\/2017\/10\/15\/das-mariencamp-ein-wochenende-im-zeichen-marias\/#primaryimage"},"thumbnailUrl":"https:\/\/blogs.donboscovolunteers.de\/danielinsambia\/wp-content\/uploads\/sites\/21500\/2017\/10\/20171008_143559-300x225.jpg","datePublished":"2017-10-15T05:41:46+00:00","dateModified":"2018-01-16T14:31:10+00:00","author":{"@id":"https:\/\/blogs.donboscovolunteers.de\/danielinsambia\/#\/schema\/person\/5c4e3e8a640bce625d863420dec4763b"},"breadcrumb":{"@id":"https:\/\/blogs.donboscovolunteers.de\/danielinsambia\/2017\/10\/15\/das-mariencamp-ein-wochenende-im-zeichen-marias\/#breadcrumb"},"inLanguage":"de","potentialAction":[{"@type":"ReadAction","target":["https:\/\/blogs.donboscovolunteers.de\/danielinsambia\/2017\/10\/15\/das-mariencamp-ein-wochenende-im-zeichen-marias\/"]}]},{"@type":"ImageObject","inLanguage":"de","@id":"https:\/\/blogs.donboscovolunteers.de\/danielinsambia\/2017\/10\/15\/das-mariencamp-ein-wochenende-im-zeichen-marias\/#primaryimage","url":"https:\/\/blogs.donboscovolunteers.de\/danielinsambia\/wp-content\/uploads\/sites\/21500\/2017\/10\/20171008_143559.jpg","contentUrl":"https:\/\/blogs.donboscovolunteers.de\/danielinsambia\/wp-content\/uploads\/sites\/21500\/2017\/10\/20171008_143559.jpg","width":1280,"height":960},{"@type":"BreadcrumbList","@id":"https:\/\/blogs.donboscovolunteers.de\/danielinsambia\/2017\/10\/15\/das-mariencamp-ein-wochenende-im-zeichen-marias\/#breadcrumb","itemListElement":[{"@type":"ListItem","position":1,"name":"Startseite","item":"https:\/\/blogs.donboscovolunteers.de\/danielinsambia\/"},{"@type":"ListItem","position":2,"name":"Das Mariencamp, ein Wochenende im Zeichen Marias"}]},{"@type":"WebSite","@id":"https:\/\/blogs.donboscovolunteers.de\/danielinsambia\/#website","url":"https:\/\/blogs.donboscovolunteers.de\/danielinsambia\/","name":"Daniel in Sambia","description":"Autor: Daniel Thielges","potentialAction":[{"@type":"SearchAction","target":{"@type":"EntryPoint","urlTemplate":"https:\/\/blogs.donboscovolunteers.de\/danielinsambia\/?s={search_term_string}"},"query-input":{"@type":"PropertyValueSpecification","valueRequired":true,"valueName":"search_term_string"}}],"inLanguage":"de"},{"@type":"Person","@id":"https:\/\/blogs.donboscovolunteers.de\/danielinsambia\/#\/schema\/person\/5c4e3e8a640bce625d863420dec4763b","name":"Daniel Thielges","image":{"@type":"ImageObject","inLanguage":"de","@id":"https:\/\/blogs.donboscovolunteers.de\/danielinsambia\/#\/schema\/person\/image\/","url":"https:\/\/secure.gravatar.com\/avatar\/0dd899f5e980bf563cbb7463cd6cf063ef51cff815b148115f22dc84a5fa17a9?s=96&d=mm&r=g","contentUrl":"https:\/\/secure.gravatar.com\/avatar\/0dd899f5e980bf563cbb7463cd6cf063ef51cff815b148115f22dc84a5fa17a9?s=96&d=mm&r=g","caption":"Daniel Thielges"},"url":"https:\/\/blogs.donboscovolunteers.de\/danielinsambia\/author\/danielthielges\/"}]}},"_links":{"self":[{"href":"https:\/\/blogs.donboscovolunteers.de\/danielinsambia\/wp-json\/wp\/v2\/posts\/135","targetHints":{"allow":["GET"]}}],"collection":[{"href":"https:\/\/blogs.donboscovolunteers.de\/danielinsambia\/wp-json\/wp\/v2\/posts"}],"about":[{"href":"https:\/\/blogs.donboscovolunteers.de\/danielinsambia\/wp-json\/wp\/v2\/types\/post"}],"author":[{"embeddable":true,"href":"https:\/\/blogs.donboscovolunteers.de\/danielinsambia\/wp-json\/wp\/v2\/users\/21551"}],"replies":[{"embeddable":true,"href":"https:\/\/blogs.donboscovolunteers.de\/danielinsambia\/wp-json\/wp\/v2\/comments?post=135"}],"version-history":[{"count":8,"href":"https:\/\/blogs.donboscovolunteers.de\/danielinsambia\/wp-json\/wp\/v2\/posts\/135\/revisions"}],"predecessor-version":[{"id":197,"href":"https:\/\/blogs.donboscovolunteers.de\/danielinsambia\/wp-json\/wp\/v2\/posts\/135\/revisions\/197"}],"wp:attachment":[{"href":"https:\/\/blogs.donboscovolunteers.de\/danielinsambia\/wp-json\/wp\/v2\/media?parent=135"}],"wp:term":[{"taxonomy":"category","embeddable":true,"href":"https:\/\/blogs.donboscovolunteers.de\/danielinsambia\/wp-json\/wp\/v2\/categories?post=135"},{"taxonomy":"post_tag","embeddable":true,"href":"https:\/\/blogs.donboscovolunteers.de\/danielinsambia\/wp-json\/wp\/v2\/tags?post=135"}],"curies":[{"name":"wp","href":"https:\/\/api.w.org\/{rel}","templated":true}]}}