{"id":13,"date":"2017-08-02T18:09:51","date_gmt":"2017-08-02T16:09:51","guid":{"rendered":"https:\/\/blogs.donboscovolunteers.de\/danielinsambia\/?p=13"},"modified":"2018-09-01T00:37:03","modified_gmt":"2018-08-31T22:37:03","slug":"vorbereitungen-fuer-meinen-freiwilligendienst-in-sambia","status":"publish","type":"post","link":"https:\/\/blogs.donboscovolunteers.de\/danielinsambia\/2017\/08\/02\/vorbereitungen-fuer-meinen-freiwilligendienst-in-sambia\/","title":{"rendered":"Vorbereitungen auf meinen  Freiwilligendienst  in Sambia"},"content":{"rendered":"<p>Hallo oder Muli shaani,<\/p>\n<p>mein Name ist Daniel Thielges, ich bin 19 Jahre alt und komme aus Bad Honnef, einer Kleinstadt bei Bonn. Ab Anfang September werde ich in Mansa, einer Stadt im Norden des afrikanischen Landes Sambia mit meinem Mitvolont\u00e4r Josef mein FsJ in einer Einrichtung der <a href=\"https:\/\/www.donboscomission.de\/don-bosco\/erbe\/\">Salesianer Don Boscos<\/a> absolvieren. Diese besteht aus einer im Jahr 2011 neu gebauten Sekundarschule f\u00fcr rund 600 Sch\u00fclerinnen und Sch\u00fcler, mit einer angegliederten Werkhalle, wo handwerkliche Basics gelehrt werden. Dar\u00fcber hinaus besuchen t\u00e4glich hunderte Kinder und Jugendliche das angeschlossene Jugendzentrum. Dort lernen die Kinder und Jugendlichen etwas, \u00fcber  die in Sambia weit verbreitete Krankheit HIV, ihre <a href=\"https:\/\/strassenkinder.de\/laender\/asien\/kinderrechte\/\">Kinderrechte<\/a> und die m\u00f6gliche M\u00e4dchenf\u00f6rderung in speziellen Camps zu diesen Themen, die jeweils an Wochenenden stattfinden. Au\u00dferdem werden dort kulturelle und sportliche Freizeitaktivit\u00e4ten angeboten.  Die Einrichtung in Mansa wird von den Salesianern Don Boscos getragen, die es sich zur Aufgabe gemacht haben, Kindern und Jugendlichen bessere Zukunftschancen zu erm\u00f6glichen.<\/p>\n<p>\u00dcber meinen Blog werde ich stets meine neuesten Erfahrungen  und Erlebnisse w\u00e4hrend meines Volontariats und meiner Vorbereitungszeit mit euch teilen. Allgemein komme ich bisher mit meinen Vorbereitungen gut voran. Jedoch ist gerade der ganze B\u00fcrokratiekram oft l\u00e4stig und  zeitintensiv. Oft kommt einem dann auch noch etwas dazwischen,  mit dem man so nicht gerechnet hat. So war f\u00fcr mich nicht etwa der Visumsantrag (als Erg\u00e4nzung: vorher muss man sich in Sambia zwar nicht um seine Workpermit\/Visa k\u00fcmmern, aber hier wurde daraus leider aus verschiedenen Gr\u00fcnden  eine never ending Story daraus.) oder das Erstellen und Besorgen von anderen wichtigen Dokumenten die schwierigste und zeitintensievste  Aufgabe, sondern lediglich die Ruhestellung meines Mobilfunkvertrags. Insgesamt muss man neben den wirklich sehr hilfreichen und auch geselligen Seminaren, sowie dem zweiw\u00f6chigen Praktikum in einer <a href=\"https:\/\/www.donboscomission.de\/don-bosco\/\">Don Bosco<\/a> Einrichtung  viel Zeit unter anderem f\u00fcr den ganzen B\u00fcrokratiekram oder auch den zahlreichen Impfungen einplanen. Nach und nach wird das jedoch alles. Die treibende Kraft ist hierbei sicherlich die Vorfreude, auf meinen <a href=\"https:\/\/www.donboscovolunteers.de\/\">Freiwilligendienst<\/a>.<\/p>\n<p>Somit freue ich mich schon sehr auf meinen bevorstehenden Freiwilligendienst und hoffe, dass ihr f\u00fcrs Erste schon einmal einiges Neues \u00fcber mein Volontariat  erfahren habt.<\/p>\n<p>Auch hoffe ich, dass euch mein Blogeintrag gefallen hat und freue mich sehr, wenn ihr auch weiterhin meinen Blog verfolgen werdet. Gerne k\u00f6nnt ihr meine Beitr\u00e4ge auch kommentieren und dadurch aktiv an meinem Volontariat teilhaben. <\/p>\n<p>Macht es gut und bis bald!<\/p>\n<p>Euer Daniel<\/p>\n","protected":false},"excerpt":{"rendered":"<p>Hallo oder Muli shaani, mein Name ist Daniel Thielges, ich bin 19 Jahre alt und komme aus Bad Honnef, einer Kleinstadt bei Bonn. Ab Anfang September werde ich in Mansa, einer Stadt im Norden des afrikanischen Landes Sambia mit meinem Mitvolont\u00e4r Josef mein FsJ in einer Einrichtung der <a href=\"https:\/\/www.donboscomission.de\/don-bosco\/erbe\/\">Salesianer Don Boscos<\/a> absolvieren. Diese besteht aus [&hellip;]<\/p>\n","protected":false},"author":21551,"featured_media":0,"comment_status":"open","ping_status":"open","sticky":false,"template":"","format":"standard","meta":{"footnotes":""},"categories":[1],"tags":[],"class_list":["post-13","post","type-post","status-publish","format-standard","hentry","category-allgemein"],"yoast_head":"<!-- This site is optimized with the Yoast SEO plugin v25.3.1 - https:\/\/yoast.com\/wordpress\/plugins\/seo\/ -->\n<title>Vorbereitungen auf meinen Freiwilligendienst in Sambia - Daniel in Sambia<\/title>\n<meta name=\"robots\" content=\"index, follow, max-snippet:-1, max-image-preview:large, max-video-preview:-1\" \/>\n<link rel=\"canonical\" href=\"https:\/\/blogs.donboscovolunteers.de\/danielinsambia\/2017\/08\/02\/vorbereitungen-fuer-meinen-freiwilligendienst-in-sambia\/\" \/>\n<meta property=\"og:locale\" content=\"de_DE\" \/>\n<meta property=\"og:type\" content=\"article\" \/>\n<meta property=\"og:title\" content=\"Vorbereitungen auf meinen Freiwilligendienst in Sambia - Daniel in Sambia\" \/>\n<meta property=\"og:description\" content=\"Hallo oder Muli shaani, mein Name ist Daniel Thielges, ich bin 19 Jahre alt und komme aus Bad Honnef, einer Kleinstadt bei Bonn. Ab Anfang September werde ich in Mansa, einer Stadt im Norden des afrikanischen Landes Sambia mit meinem Mitvolont\u00e4r Josef mein FsJ in einer Einrichtung der Salesianer Don Boscos absolvieren. Diese besteht aus [&hellip;]\" \/>\n<meta property=\"og:url\" content=\"https:\/\/blogs.donboscovolunteers.de\/danielinsambia\/2017\/08\/02\/vorbereitungen-fuer-meinen-freiwilligendienst-in-sambia\/\" \/>\n<meta property=\"og:site_name\" content=\"Daniel in Sambia\" \/>\n<meta property=\"article:published_time\" content=\"2017-08-02T16:09:51+00:00\" \/>\n<meta property=\"article:modified_time\" content=\"2018-08-31T22:37:03+00:00\" \/>\n<meta name=\"author\" content=\"Daniel Thielges\" \/>\n<meta name=\"twitter:card\" content=\"summary_large_image\" \/>\n<meta name=\"twitter:label1\" content=\"Verfasst von\" \/>\n\t<meta name=\"twitter:data1\" content=\"Daniel Thielges\" \/>\n\t<meta name=\"twitter:label2\" content=\"Gesch\u00e4tzte Lesezeit\" \/>\n\t<meta name=\"twitter:data2\" content=\"2\u00a0Minuten\" \/>\n<script type=\"application\/ld+json\" class=\"yoast-schema-graph\">{\"@context\":\"https:\/\/schema.org\",\"@graph\":[{\"@type\":\"WebPage\",\"@id\":\"https:\/\/blogs.donboscovolunteers.de\/danielinsambia\/2017\/08\/02\/vorbereitungen-fuer-meinen-freiwilligendienst-in-sambia\/\",\"url\":\"https:\/\/blogs.donboscovolunteers.de\/danielinsambia\/2017\/08\/02\/vorbereitungen-fuer-meinen-freiwilligendienst-in-sambia\/\",\"name\":\"Vorbereitungen auf meinen Freiwilligendienst in Sambia - Daniel in Sambia\",\"isPartOf\":{\"@id\":\"https:\/\/blogs.donboscovolunteers.de\/danielinsambia\/#website\"},\"datePublished\":\"2017-08-02T16:09:51+00:00\",\"dateModified\":\"2018-08-31T22:37:03+00:00\",\"author\":{\"@id\":\"https:\/\/blogs.donboscovolunteers.de\/danielinsambia\/#\/schema\/person\/5c4e3e8a640bce625d863420dec4763b\"},\"breadcrumb\":{\"@id\":\"https:\/\/blogs.donboscovolunteers.de\/danielinsambia\/2017\/08\/02\/vorbereitungen-fuer-meinen-freiwilligendienst-in-sambia\/#breadcrumb\"},\"inLanguage\":\"de\",\"potentialAction\":[{\"@type\":\"ReadAction\",\"target\":[\"https:\/\/blogs.donboscovolunteers.de\/danielinsambia\/2017\/08\/02\/vorbereitungen-fuer-meinen-freiwilligendienst-in-sambia\/\"]}]},{\"@type\":\"BreadcrumbList\",\"@id\":\"https:\/\/blogs.donboscovolunteers.de\/danielinsambia\/2017\/08\/02\/vorbereitungen-fuer-meinen-freiwilligendienst-in-sambia\/#breadcrumb\",\"itemListElement\":[{\"@type\":\"ListItem\",\"position\":1,\"name\":\"Startseite\",\"item\":\"https:\/\/blogs.donboscovolunteers.de\/danielinsambia\/\"},{\"@type\":\"ListItem\",\"position\":2,\"name\":\"Vorbereitungen auf meinen Freiwilligendienst in Sambia\"}]},{\"@type\":\"WebSite\",\"@id\":\"https:\/\/blogs.donboscovolunteers.de\/danielinsambia\/#website\",\"url\":\"https:\/\/blogs.donboscovolunteers.de\/danielinsambia\/\",\"name\":\"Daniel in Sambia\",\"description\":\"Autor: Daniel Thielges\",\"potentialAction\":[{\"@type\":\"SearchAction\",\"target\":{\"@type\":\"EntryPoint\",\"urlTemplate\":\"https:\/\/blogs.donboscovolunteers.de\/danielinsambia\/?s={search_term_string}\"},\"query-input\":{\"@type\":\"PropertyValueSpecification\",\"valueRequired\":true,\"valueName\":\"search_term_string\"}}],\"inLanguage\":\"de\"},{\"@type\":\"Person\",\"@id\":\"https:\/\/blogs.donboscovolunteers.de\/danielinsambia\/#\/schema\/person\/5c4e3e8a640bce625d863420dec4763b\",\"name\":\"Daniel Thielges\",\"image\":{\"@type\":\"ImageObject\",\"inLanguage\":\"de\",\"@id\":\"https:\/\/blogs.donboscovolunteers.de\/danielinsambia\/#\/schema\/person\/image\/\",\"url\":\"https:\/\/secure.gravatar.com\/avatar\/0dd899f5e980bf563cbb7463cd6cf063ef51cff815b148115f22dc84a5fa17a9?s=96&d=mm&r=g\",\"contentUrl\":\"https:\/\/secure.gravatar.com\/avatar\/0dd899f5e980bf563cbb7463cd6cf063ef51cff815b148115f22dc84a5fa17a9?s=96&d=mm&r=g\",\"caption\":\"Daniel Thielges\"},\"url\":\"https:\/\/blogs.donboscovolunteers.de\/danielinsambia\/author\/danielthielges\/\"}]}<\/script>\n<!-- \/ Yoast SEO plugin. -->","yoast_head_json":{"title":"Vorbereitungen auf meinen Freiwilligendienst in Sambia - Daniel in Sambia","robots":{"index":"index","follow":"follow","max-snippet":"max-snippet:-1","max-image-preview":"max-image-preview:large","max-video-preview":"max-video-preview:-1"},"canonical":"https:\/\/blogs.donboscovolunteers.de\/danielinsambia\/2017\/08\/02\/vorbereitungen-fuer-meinen-freiwilligendienst-in-sambia\/","og_locale":"de_DE","og_type":"article","og_title":"Vorbereitungen auf meinen Freiwilligendienst in Sambia - Daniel in Sambia","og_description":"Hallo oder Muli shaani, mein Name ist Daniel Thielges, ich bin 19 Jahre alt und komme aus Bad Honnef, einer Kleinstadt bei Bonn. Ab Anfang September werde ich in Mansa, einer Stadt im Norden des afrikanischen Landes Sambia mit meinem Mitvolont\u00e4r Josef mein FsJ in einer Einrichtung der Salesianer Don Boscos absolvieren. Diese besteht aus [&hellip;]","og_url":"https:\/\/blogs.donboscovolunteers.de\/danielinsambia\/2017\/08\/02\/vorbereitungen-fuer-meinen-freiwilligendienst-in-sambia\/","og_site_name":"Daniel in Sambia","article_published_time":"2017-08-02T16:09:51+00:00","article_modified_time":"2018-08-31T22:37:03+00:00","author":"Daniel Thielges","twitter_card":"summary_large_image","twitter_misc":{"Verfasst von":"Daniel Thielges","Gesch\u00e4tzte Lesezeit":"2\u00a0Minuten"},"schema":{"@context":"https:\/\/schema.org","@graph":[{"@type":"WebPage","@id":"https:\/\/blogs.donboscovolunteers.de\/danielinsambia\/2017\/08\/02\/vorbereitungen-fuer-meinen-freiwilligendienst-in-sambia\/","url":"https:\/\/blogs.donboscovolunteers.de\/danielinsambia\/2017\/08\/02\/vorbereitungen-fuer-meinen-freiwilligendienst-in-sambia\/","name":"Vorbereitungen auf meinen Freiwilligendienst in Sambia - Daniel in Sambia","isPartOf":{"@id":"https:\/\/blogs.donboscovolunteers.de\/danielinsambia\/#website"},"datePublished":"2017-08-02T16:09:51+00:00","dateModified":"2018-08-31T22:37:03+00:00","author":{"@id":"https:\/\/blogs.donboscovolunteers.de\/danielinsambia\/#\/schema\/person\/5c4e3e8a640bce625d863420dec4763b"},"breadcrumb":{"@id":"https:\/\/blogs.donboscovolunteers.de\/danielinsambia\/2017\/08\/02\/vorbereitungen-fuer-meinen-freiwilligendienst-in-sambia\/#breadcrumb"},"inLanguage":"de","potentialAction":[{"@type":"ReadAction","target":["https:\/\/blogs.donboscovolunteers.de\/danielinsambia\/2017\/08\/02\/vorbereitungen-fuer-meinen-freiwilligendienst-in-sambia\/"]}]},{"@type":"BreadcrumbList","@id":"https:\/\/blogs.donboscovolunteers.de\/danielinsambia\/2017\/08\/02\/vorbereitungen-fuer-meinen-freiwilligendienst-in-sambia\/#breadcrumb","itemListElement":[{"@type":"ListItem","position":1,"name":"Startseite","item":"https:\/\/blogs.donboscovolunteers.de\/danielinsambia\/"},{"@type":"ListItem","position":2,"name":"Vorbereitungen auf meinen Freiwilligendienst in Sambia"}]},{"@type":"WebSite","@id":"https:\/\/blogs.donboscovolunteers.de\/danielinsambia\/#website","url":"https:\/\/blogs.donboscovolunteers.de\/danielinsambia\/","name":"Daniel in Sambia","description":"Autor: Daniel Thielges","potentialAction":[{"@type":"SearchAction","target":{"@type":"EntryPoint","urlTemplate":"https:\/\/blogs.donboscovolunteers.de\/danielinsambia\/?s={search_term_string}"},"query-input":{"@type":"PropertyValueSpecification","valueRequired":true,"valueName":"search_term_string"}}],"inLanguage":"de"},{"@type":"Person","@id":"https:\/\/blogs.donboscovolunteers.de\/danielinsambia\/#\/schema\/person\/5c4e3e8a640bce625d863420dec4763b","name":"Daniel Thielges","image":{"@type":"ImageObject","inLanguage":"de","@id":"https:\/\/blogs.donboscovolunteers.de\/danielinsambia\/#\/schema\/person\/image\/","url":"https:\/\/secure.gravatar.com\/avatar\/0dd899f5e980bf563cbb7463cd6cf063ef51cff815b148115f22dc84a5fa17a9?s=96&d=mm&r=g","contentUrl":"https:\/\/secure.gravatar.com\/avatar\/0dd899f5e980bf563cbb7463cd6cf063ef51cff815b148115f22dc84a5fa17a9?s=96&d=mm&r=g","caption":"Daniel Thielges"},"url":"https:\/\/blogs.donboscovolunteers.de\/danielinsambia\/author\/danielthielges\/"}]}},"_links":{"self":[{"href":"https:\/\/blogs.donboscovolunteers.de\/danielinsambia\/wp-json\/wp\/v2\/posts\/13","targetHints":{"allow":["GET"]}}],"collection":[{"href":"https:\/\/blogs.donboscovolunteers.de\/danielinsambia\/wp-json\/wp\/v2\/posts"}],"about":[{"href":"https:\/\/blogs.donboscovolunteers.de\/danielinsambia\/wp-json\/wp\/v2\/types\/post"}],"author":[{"embeddable":true,"href":"https:\/\/blogs.donboscovolunteers.de\/danielinsambia\/wp-json\/wp\/v2\/users\/21551"}],"replies":[{"embeddable":true,"href":"https:\/\/blogs.donboscovolunteers.de\/danielinsambia\/wp-json\/wp\/v2\/comments?post=13"}],"version-history":[{"count":10,"href":"https:\/\/blogs.donboscovolunteers.de\/danielinsambia\/wp-json\/wp\/v2\/posts\/13\/revisions"}],"predecessor-version":[{"id":300,"href":"https:\/\/blogs.donboscovolunteers.de\/danielinsambia\/wp-json\/wp\/v2\/posts\/13\/revisions\/300"}],"wp:attachment":[{"href":"https:\/\/blogs.donboscovolunteers.de\/danielinsambia\/wp-json\/wp\/v2\/media?parent=13"}],"wp:term":[{"taxonomy":"category","embeddable":true,"href":"https:\/\/blogs.donboscovolunteers.de\/danielinsambia\/wp-json\/wp\/v2\/categories?post=13"},{"taxonomy":"post_tag","embeddable":true,"href":"https:\/\/blogs.donboscovolunteers.de\/danielinsambia\/wp-json\/wp\/v2\/tags?post=13"}],"curies":[{"name":"wp","href":"https:\/\/api.w.org\/{rel}","templated":true}]}}