{"id":125,"date":"2017-10-07T11:04:37","date_gmt":"2017-10-07T09:04:37","guid":{"rendered":"https:\/\/blogs.donboscovolunteers.de\/danielinsambia\/?p=125"},"modified":"2018-01-17T19:52:40","modified_gmt":"2018-01-17T18:52:40","slug":"die-einrichtug","status":"publish","type":"post","link":"https:\/\/blogs.donboscovolunteers.de\/danielinsambia\/2017\/10\/07\/die-einrichtug\/","title":{"rendered":"Die Einrichtug : &#8222;Bildung ist eine Herzenangelegenheit&#8220;"},"content":{"rendered":"<p>Hallo, ich bin jetzt seit ca. einem Monat, zusammen mit meinem Mitvolont\u00e4r Josef, hier in Mansa, in der Einrichtung der <a href=\"https:\/\/www.donboscomission.de\/don-bosco\/erbe\/\">Salesianer Don Boscos<\/a> und m\u00f6chte euch endlich mal die Einrichtung und meine T\u00e4tigkeiten beschreiben. Die Einrichtung liegt in Mansa-Chimese, einem \u00e4rmerem Stadtteil von Mansa. Auf dem gro\u00dfen, von einer Mauer umgebenen Areal, gibt es eine Vorschule f\u00fcr die Stufe 0, eine Grundschule f\u00fcr die Stufen 1 bis 7, eine Sekundarschule f\u00fcr die Klassen 8 bis 12, ein Kinder- und Jugendzentrum, beziehungsweise das Oratorium, mit einer gro\u00dfen Mehrzweckhalle, ein Weiterbildungszentrum mit R\u00e4umen der \u00f6rtlichen Universit\u00e4t, eine Pfarrkirche, ein Fu\u00dfballfeld mit Trib\u00fcnen, Basketballfelder und ein Volleyballfeld, sowie nat\u00fcrlich die Kommunit\u00e4ten der Schwestern und der Salesianer.<\/p>\n<p><img loading=\"lazy\" decoding=\"async\" class=\"alignnone size-medium wp-image-138\" src=\"https:\/\/blogs.donboscovolunteers.de\/danielinsambia\/wp-content\/uploads\/sites\/21500\/2017\/10\/20171008_143559-300x225.jpg\" alt=\"\" width=\"300\" height=\"225\" srcset=\"https:\/\/blogs.donboscovolunteers.de\/danielinsambia\/wp-content\/uploads\/sites\/21500\/2017\/10\/20171008_143559-300x225.jpg 300w, https:\/\/blogs.donboscovolunteers.de\/danielinsambia\/wp-content\/uploads\/sites\/21500\/2017\/10\/20171008_143559-768x576.jpg 768w, https:\/\/blogs.donboscovolunteers.de\/danielinsambia\/wp-content\/uploads\/sites\/21500\/2017\/10\/20171008_143559-1024x768.jpg 1024w, https:\/\/blogs.donboscovolunteers.de\/danielinsambia\/wp-content\/uploads\/sites\/21500\/2017\/10\/20171008_143559-900x675.jpg 900w, https:\/\/blogs.donboscovolunteers.de\/danielinsambia\/wp-content\/uploads\/sites\/21500\/2017\/10\/20171008_143559.jpg 1280w\" sizes=\"auto, (max-width: 300px) 100vw, 300px\" \/><br \/>\nDie Halle ist eine der gr\u00f6\u00dften in Mansa und so werden hier einige Verstaltung ausgetragen, so auch unser Mariencamp. Au\u00dferdem ist sie Bestandteil des Oratoriums.<\/p>\n<p><img loading=\"lazy\" decoding=\"async\" class=\"alignnone size-medium wp-image-24\" src=\"https:\/\/blogs.donboscovolunteers.de\/danielinsambia\/wp-content\/uploads\/sites\/21500\/2017\/08\/Secondary-School-300x199.jpg\" alt=\"\" width=\"300\" height=\"199\" \/><br \/>\nDie von den Salesianern getragene Schule hat in der Region einen guten Ruf.<\/p>\n<p><img loading=\"lazy\" decoding=\"async\" class=\"alignnone size-medium wp-image-139\" src=\"https:\/\/blogs.donboscovolunteers.de\/danielinsambia\/wp-content\/uploads\/sites\/21500\/2017\/10\/20171010_074712-300x225.jpg\" alt=\"\" width=\"300\" height=\"225\" srcset=\"https:\/\/blogs.donboscovolunteers.de\/danielinsambia\/wp-content\/uploads\/sites\/21500\/2017\/10\/20171010_074712-300x225.jpg 300w, https:\/\/blogs.donboscovolunteers.de\/danielinsambia\/wp-content\/uploads\/sites\/21500\/2017\/10\/20171010_074712-768x576.jpg 768w, https:\/\/blogs.donboscovolunteers.de\/danielinsambia\/wp-content\/uploads\/sites\/21500\/2017\/10\/20171010_074712-1024x768.jpg 1024w, https:\/\/blogs.donboscovolunteers.de\/danielinsambia\/wp-content\/uploads\/sites\/21500\/2017\/10\/20171010_074712-900x675.jpg 900w, https:\/\/blogs.donboscovolunteers.de\/danielinsambia\/wp-content\/uploads\/sites\/21500\/2017\/10\/20171010_074712.jpg 1280w\" sizes=\"auto, (max-width: 300px) 100vw, 300px\" \/><br \/>\nDie Kommunit\u00e4t der Salesianer Don Boscos, in der ich zusammen mit meinem Mitvolont\u00e4r und den Salesianern wohne.<\/p>\n<p>Das Oratorium, die Pfarrei und die Sekundarschule werden von den Salesianern geleitet, die Vor- und die Grundschule von den Schwestern. Daher habe ich mit der Vor- und Grundschule nichts zu tun. Wir helfen dagegen vor allem im Oratorium und in der Sekundarschule mit. Bis jetzt haben wir in der Sekundarschule noch kaum eine Aufgabe, dass soll sich aber nach und nach \u00e4ndern. Alle diese neuen Aufgaben werde ich dann erg\u00e4nzen.<\/p>\n<p>Ich m\u00f6chte jetzt einmal meinen bisherigen Tagesablauf im Groben schildern: Nach unserer Morgenmesse oder dem Morgengebet um halb 7 Uhr, gehen wir um 7 Uhr zur Sekundarschule und besuchen die t\u00e4gliche Morgenansprache, f\u00fcr diese checken wir meist die Mikros und stellen das Rednerpult auf. Gegen zwanzig nach 7 Uhr, stehen dann alle Sch\u00fclerinnen und Sch\u00fcler in Reihen geordnet im Innenhof. Der Schultag f\u00e4ngt hier f\u00fcr alle mit einem Morgengebet an. Danach halten abwechselnd einige Lehrer, Salesianer, oder sonstige Mitarbeiter eine Motivationsrede, sagen was sich verbessern sollte und k\u00fcndigen Messen, besondere Ereignisse, Veranstaltungen, oder Sonstiges an. Montags und Freitags singt immer eine Klasse die sambische Nationalhymne vor, dies funktioniert mal mehr und auch mal weniger gut. Ich versuche daher, auf Anweisung eines Paters die Nationalhymne auf der Trompete zu spielen und so die Sch\u00fcler zu begleiten. Au\u00dferdem m\u00f6chte ich einigen Sch\u00fclern beibringen, wie man Trompete spielt, damit sie auch nach meinem Volontariat die Sch\u00fcler beim Singen der Nationalhymne, aber auch bei anderen Liedern in den Messen begleiten k\u00f6nnen. Meist dauert die Morgenansprache ca. zwanzig Minuten, montags ist sie jedoch oft deutlich l\u00e4nger. Danach gibt es erstmal in der Kommunit\u00e4t der Salesianer, in der wir jeweils ein Zimmer haben, Fr\u00fchst\u00fcck. Danach ist unser Vormittag noch relativ frei. Manchmal habe ich dann jedoch eine Schulchorprobe, die ich jetzt zusammen mit einem Schulmitarbeiter leite. Wir \u00fcben mit den Sch\u00fclern meist t\u00e4glich, bis jetzt haben wir jede Woche mit einer anderen Klasse f\u00fcr die Schulmesse geprobt. Leider aber eher nur mit m\u00e4\u00dfigem Erfolg, dass liegt nicht daran, dass die Sch\u00fcler nicht singen k\u00f6nnten, vielmehr gibt es wie ich denke, an fast jeder Schule ein paar St\u00f6renfriede, (meist Jungs) die keine Lust auf Singen haben und die anderen lieber ablenken, doch trotzdem lassen sich diejenigen, die teilweise verdammt gut singen k\u00f6nnen und gerne singen nicht vom Singen abhalten. Trotzdem wird dadurch die Effektivit\u00e4t des freiwilligen Chores enorm verringert. Daher wollen wir jetzt einen eigenen Schulchor aus denjenigen gr\u00fcnden, die wirklich Lust auf das Singen haben. Meistens finden unsere Proben jedoch Nachmittags statt. Vormittags bleibt daher oft Zeit um, etwas f\u00fcr den Nachmittag oder f\u00fcr andere Veranstaltungen vorzubereiten, wie zum Beispiel das Mariencamp, welches letztes Wochenende stattfand. Dar\u00fcber werde ich noch einen eigenen Artikel schreiben. Um 12.30 Uhr gibt es Mittagessen, danach, um 13.30 Uhr treffen wir uns mit den Sch\u00fclern in der Mittagspause und spielen mit ihnen vor allem Kartenspiele. Einerseits lernen sie hier den Umgang mit anderen Kindern sowie \u00e4lteren Personen und k\u00f6nnen besser kreative F\u00e4higkeiten ausbilden. Andererseits wird so auch verhindert, dass die Kinder in dieser Zeit schwerer k\u00f6rperlicher Arbeit nachgehen.<\/p>\n<p>Direkt im Anschluss beginnt um 14.30 Uhr das Oratorium, hier spielen wir mit den Kindern jegliche Ballsportarten, Kartenspiele und weitere einfache Spiele. In das Oratorium wollen wir nach und nach mehr Struktur, durch zum Beispiel klare Programmpunkte einbringen. Das hei\u00dft, wir wollen bestimmte Workshops oder Kurse, beziehungsweise Sportclubs anbieten. Eine Idee w\u00e4re zum Beispiel ein genereller Sportclub, in dem man ein breites Sportangebot hat. Da es hier keinen allgemein Sportplatz gibt, wird dieses Programm vor allem in Richtung Laufen und jegliche Ballsportarten, wie Fu\u00dfball, Volleyball, Netzball, Basketball, V\u00f6lkerball und Brennball gehen. Ich werde bald schreiben, wie genau sich diese Ideen umsetzen lassen und freue mich auch auf Ideen von euch. Also wenn ihr leicht umsetzbare Vorschl\u00e4ge, ohne oder mit einfachen Materialien habt, k\u00f6nnt ihr das gerne in die Kommentare schreiben. Das Oratorium endet gegen 17.15 Uhr mit einem Gebet und einer Abendansprache. Um 18.30 beginnt dann unser t\u00e4gliches Rosenkranzgebet, mit dem anschlie\u00dfenden Abendgebet. Gegen 19.45 Uhr haben wir dann zusammen Abendessen. Das Motto der Einrichtung &#8222;Bildung ist eine Herzensangelegenheit&#8220;, ist f\u00fcr mich Tag f\u00fcr Tag sp\u00fcrbar, gerade wenn ich im Oratorium mithelfe. Eigentlich beschr\u00e4nkt sich dieses auf die Freizeitgestaltung, doch meiner Ansicht nach ist gerade diese hier sehr entscheidend und ein zukunftsweisender Faktor.<\/p>\n<p>Das war es jetzt erstmal zu der Einrichtung und meinen bisherigen Aufgaben. Ich bedanke mich f\u00fcr euer Interesse und freue mich wieder auf zahlreiche Kommentare und Spielvorschl\u00e4ge von euch.<\/p>\n<p>Macht es gut und schaut immer mal wieder in meinen Blog!<\/p>\n<p>Viele Gr\u00fc\u00dfe aus Sambia!<\/p>\n<p>Euer Daniel<\/p>\n<p>PS: Wie Einige von euch schon wissen wurde mir vor ein paar Tagen leider mein Handy gestohlen. Wenn ihr meine neue Nummer (ausschlie\u00dflich f\u00fcr Whatsapp) also noch nicht habt, k\u00f6nnt ihr mir einfach einen Kommentar mit eurer Handynummer schreiben, welchen ich dann nat\u00fcrlich nicht ver\u00f6ffentliche. Leider kann es eben \u00fcberall passieren, dass einem sein Handy geklaut wird, obwohl man gut darauf aufgepasst . Auf mein neues Handy werde ich daher jetzt noch mehr Acht geben. Besonders schade ist es gerade um die ganzen Fotos und Kontakte. Daher bin ich denjenigen, die das betrifft sehr dankbar, wenn sie mir dabei helfen, meine Kontakte wieder zu bekommen, damit ich weiterhin den Kontakt halten kann.<\/p>\n<p>Vielen Dank!<\/p>\n","protected":false},"excerpt":{"rendered":"<p>Hallo, ich bin jetzt seit ca. einem Monat, zusammen mit meinem Mitvolont\u00e4r Josef, hier in Mansa, in der Einrichtung der <a href=\"https:\/\/www.donboscomission.de\/don-bosco\/erbe\/\">Salesianer Don Boscos<\/a> und m\u00f6chte euch endlich mal die Einrichtung und meine T\u00e4tigkeiten beschreiben. Die Einrichtung liegt in Mansa-Chimese, einem \u00e4rmerem Stadtteil von Mansa. Auf dem gro\u00dfen, von einer Mauer umgebenen Areal, gibt es eine [&hellip;]<\/p>\n","protected":false},"author":21551,"featured_media":0,"comment_status":"open","ping_status":"open","sticky":false,"template":"","format":"standard","meta":{"footnotes":""},"categories":[1],"tags":[],"class_list":["post-125","post","type-post","status-publish","format-standard","hentry","category-allgemein"],"yoast_head":"<!-- This site is optimized with the Yoast SEO plugin v25.3.1 - https:\/\/yoast.com\/wordpress\/plugins\/seo\/ -->\n<title>Die Einrichtug : &quot;Bildung ist eine Herzenangelegenheit&quot; - Daniel in Sambia<\/title>\n<meta name=\"robots\" content=\"index, follow, max-snippet:-1, max-image-preview:large, max-video-preview:-1\" \/>\n<link rel=\"canonical\" href=\"https:\/\/blogs.donboscovolunteers.de\/danielinsambia\/2017\/10\/07\/die-einrichtug\/\" \/>\n<meta property=\"og:locale\" content=\"de_DE\" \/>\n<meta property=\"og:type\" content=\"article\" \/>\n<meta property=\"og:title\" content=\"Die Einrichtug : &quot;Bildung ist eine Herzenangelegenheit&quot; - Daniel in Sambia\" \/>\n<meta property=\"og:description\" content=\"Hallo, ich bin jetzt seit ca. einem Monat, zusammen mit meinem Mitvolont\u00e4r Josef, hier in Mansa, in der Einrichtung der Salesianer Don Boscos und m\u00f6chte euch endlich mal die Einrichtung und meine T\u00e4tigkeiten beschreiben. Die Einrichtung liegt in Mansa-Chimese, einem \u00e4rmerem Stadtteil von Mansa. Auf dem gro\u00dfen, von einer Mauer umgebenen Areal, gibt es eine [&hellip;]\" \/>\n<meta property=\"og:url\" content=\"https:\/\/blogs.donboscovolunteers.de\/danielinsambia\/2017\/10\/07\/die-einrichtug\/\" \/>\n<meta property=\"og:site_name\" content=\"Daniel in Sambia\" \/>\n<meta property=\"article:published_time\" content=\"2017-10-07T09:04:37+00:00\" \/>\n<meta property=\"article:modified_time\" content=\"2018-01-17T18:52:40+00:00\" \/>\n<meta property=\"og:image\" content=\"https:\/\/blogs.donboscovolunteers.de\/danielinsambia\/wp-content\/uploads\/sites\/21500\/2017\/10\/20171008_143559-300x225.jpg\" \/>\n<meta name=\"author\" content=\"Daniel Thielges\" \/>\n<meta name=\"twitter:card\" content=\"summary_large_image\" \/>\n<meta name=\"twitter:label1\" content=\"Verfasst von\" \/>\n\t<meta name=\"twitter:data1\" content=\"Daniel Thielges\" \/>\n\t<meta name=\"twitter:label2\" content=\"Gesch\u00e4tzte Lesezeit\" \/>\n\t<meta name=\"twitter:data2\" content=\"5\u00a0Minuten\" \/>\n<script type=\"application\/ld+json\" class=\"yoast-schema-graph\">{\"@context\":\"https:\/\/schema.org\",\"@graph\":[{\"@type\":\"WebPage\",\"@id\":\"https:\/\/blogs.donboscovolunteers.de\/danielinsambia\/2017\/10\/07\/die-einrichtug\/\",\"url\":\"https:\/\/blogs.donboscovolunteers.de\/danielinsambia\/2017\/10\/07\/die-einrichtug\/\",\"name\":\"Die Einrichtug : \\\"Bildung ist eine Herzenangelegenheit\\\" - Daniel in Sambia\",\"isPartOf\":{\"@id\":\"https:\/\/blogs.donboscovolunteers.de\/danielinsambia\/#website\"},\"primaryImageOfPage\":{\"@id\":\"https:\/\/blogs.donboscovolunteers.de\/danielinsambia\/2017\/10\/07\/die-einrichtug\/#primaryimage\"},\"image\":{\"@id\":\"https:\/\/blogs.donboscovolunteers.de\/danielinsambia\/2017\/10\/07\/die-einrichtug\/#primaryimage\"},\"thumbnailUrl\":\"https:\/\/blogs.donboscovolunteers.de\/danielinsambia\/wp-content\/uploads\/sites\/21500\/2017\/10\/20171008_143559-300x225.jpg\",\"datePublished\":\"2017-10-07T09:04:37+00:00\",\"dateModified\":\"2018-01-17T18:52:40+00:00\",\"author\":{\"@id\":\"https:\/\/blogs.donboscovolunteers.de\/danielinsambia\/#\/schema\/person\/5c4e3e8a640bce625d863420dec4763b\"},\"breadcrumb\":{\"@id\":\"https:\/\/blogs.donboscovolunteers.de\/danielinsambia\/2017\/10\/07\/die-einrichtug\/#breadcrumb\"},\"inLanguage\":\"de\",\"potentialAction\":[{\"@type\":\"ReadAction\",\"target\":[\"https:\/\/blogs.donboscovolunteers.de\/danielinsambia\/2017\/10\/07\/die-einrichtug\/\"]}]},{\"@type\":\"ImageObject\",\"inLanguage\":\"de\",\"@id\":\"https:\/\/blogs.donboscovolunteers.de\/danielinsambia\/2017\/10\/07\/die-einrichtug\/#primaryimage\",\"url\":\"https:\/\/blogs.donboscovolunteers.de\/danielinsambia\/wp-content\/uploads\/sites\/21500\/2017\/10\/20171008_143559.jpg\",\"contentUrl\":\"https:\/\/blogs.donboscovolunteers.de\/danielinsambia\/wp-content\/uploads\/sites\/21500\/2017\/10\/20171008_143559.jpg\",\"width\":1280,\"height\":960},{\"@type\":\"BreadcrumbList\",\"@id\":\"https:\/\/blogs.donboscovolunteers.de\/danielinsambia\/2017\/10\/07\/die-einrichtug\/#breadcrumb\",\"itemListElement\":[{\"@type\":\"ListItem\",\"position\":1,\"name\":\"Startseite\",\"item\":\"https:\/\/blogs.donboscovolunteers.de\/danielinsambia\/\"},{\"@type\":\"ListItem\",\"position\":2,\"name\":\"Die Einrichtug : &#8222;Bildung ist eine Herzenangelegenheit&#8220;\"}]},{\"@type\":\"WebSite\",\"@id\":\"https:\/\/blogs.donboscovolunteers.de\/danielinsambia\/#website\",\"url\":\"https:\/\/blogs.donboscovolunteers.de\/danielinsambia\/\",\"name\":\"Daniel in Sambia\",\"description\":\"Autor: Daniel Thielges\",\"potentialAction\":[{\"@type\":\"SearchAction\",\"target\":{\"@type\":\"EntryPoint\",\"urlTemplate\":\"https:\/\/blogs.donboscovolunteers.de\/danielinsambia\/?s={search_term_string}\"},\"query-input\":{\"@type\":\"PropertyValueSpecification\",\"valueRequired\":true,\"valueName\":\"search_term_string\"}}],\"inLanguage\":\"de\"},{\"@type\":\"Person\",\"@id\":\"https:\/\/blogs.donboscovolunteers.de\/danielinsambia\/#\/schema\/person\/5c4e3e8a640bce625d863420dec4763b\",\"name\":\"Daniel Thielges\",\"image\":{\"@type\":\"ImageObject\",\"inLanguage\":\"de\",\"@id\":\"https:\/\/blogs.donboscovolunteers.de\/danielinsambia\/#\/schema\/person\/image\/\",\"url\":\"https:\/\/secure.gravatar.com\/avatar\/0dd899f5e980bf563cbb7463cd6cf063ef51cff815b148115f22dc84a5fa17a9?s=96&d=mm&r=g\",\"contentUrl\":\"https:\/\/secure.gravatar.com\/avatar\/0dd899f5e980bf563cbb7463cd6cf063ef51cff815b148115f22dc84a5fa17a9?s=96&d=mm&r=g\",\"caption\":\"Daniel Thielges\"},\"url\":\"https:\/\/blogs.donboscovolunteers.de\/danielinsambia\/author\/danielthielges\/\"}]}<\/script>\n<!-- \/ Yoast SEO plugin. -->","yoast_head_json":{"title":"Die Einrichtug : \"Bildung ist eine Herzenangelegenheit\" - Daniel in Sambia","robots":{"index":"index","follow":"follow","max-snippet":"max-snippet:-1","max-image-preview":"max-image-preview:large","max-video-preview":"max-video-preview:-1"},"canonical":"https:\/\/blogs.donboscovolunteers.de\/danielinsambia\/2017\/10\/07\/die-einrichtug\/","og_locale":"de_DE","og_type":"article","og_title":"Die Einrichtug : \"Bildung ist eine Herzenangelegenheit\" - Daniel in Sambia","og_description":"Hallo, ich bin jetzt seit ca. einem Monat, zusammen mit meinem Mitvolont\u00e4r Josef, hier in Mansa, in der Einrichtung der Salesianer Don Boscos und m\u00f6chte euch endlich mal die Einrichtung und meine T\u00e4tigkeiten beschreiben. Die Einrichtung liegt in Mansa-Chimese, einem \u00e4rmerem Stadtteil von Mansa. Auf dem gro\u00dfen, von einer Mauer umgebenen Areal, gibt es eine [&hellip;]","og_url":"https:\/\/blogs.donboscovolunteers.de\/danielinsambia\/2017\/10\/07\/die-einrichtug\/","og_site_name":"Daniel in Sambia","article_published_time":"2017-10-07T09:04:37+00:00","article_modified_time":"2018-01-17T18:52:40+00:00","og_image":[{"url":"https:\/\/blogs.donboscovolunteers.de\/danielinsambia\/wp-content\/uploads\/sites\/21500\/2017\/10\/20171008_143559-300x225.jpg","type":"","width":"","height":""}],"author":"Daniel Thielges","twitter_card":"summary_large_image","twitter_misc":{"Verfasst von":"Daniel Thielges","Gesch\u00e4tzte Lesezeit":"5\u00a0Minuten"},"schema":{"@context":"https:\/\/schema.org","@graph":[{"@type":"WebPage","@id":"https:\/\/blogs.donboscovolunteers.de\/danielinsambia\/2017\/10\/07\/die-einrichtug\/","url":"https:\/\/blogs.donboscovolunteers.de\/danielinsambia\/2017\/10\/07\/die-einrichtug\/","name":"Die Einrichtug : \"Bildung ist eine Herzenangelegenheit\" - Daniel in Sambia","isPartOf":{"@id":"https:\/\/blogs.donboscovolunteers.de\/danielinsambia\/#website"},"primaryImageOfPage":{"@id":"https:\/\/blogs.donboscovolunteers.de\/danielinsambia\/2017\/10\/07\/die-einrichtug\/#primaryimage"},"image":{"@id":"https:\/\/blogs.donboscovolunteers.de\/danielinsambia\/2017\/10\/07\/die-einrichtug\/#primaryimage"},"thumbnailUrl":"https:\/\/blogs.donboscovolunteers.de\/danielinsambia\/wp-content\/uploads\/sites\/21500\/2017\/10\/20171008_143559-300x225.jpg","datePublished":"2017-10-07T09:04:37+00:00","dateModified":"2018-01-17T18:52:40+00:00","author":{"@id":"https:\/\/blogs.donboscovolunteers.de\/danielinsambia\/#\/schema\/person\/5c4e3e8a640bce625d863420dec4763b"},"breadcrumb":{"@id":"https:\/\/blogs.donboscovolunteers.de\/danielinsambia\/2017\/10\/07\/die-einrichtug\/#breadcrumb"},"inLanguage":"de","potentialAction":[{"@type":"ReadAction","target":["https:\/\/blogs.donboscovolunteers.de\/danielinsambia\/2017\/10\/07\/die-einrichtug\/"]}]},{"@type":"ImageObject","inLanguage":"de","@id":"https:\/\/blogs.donboscovolunteers.de\/danielinsambia\/2017\/10\/07\/die-einrichtug\/#primaryimage","url":"https:\/\/blogs.donboscovolunteers.de\/danielinsambia\/wp-content\/uploads\/sites\/21500\/2017\/10\/20171008_143559.jpg","contentUrl":"https:\/\/blogs.donboscovolunteers.de\/danielinsambia\/wp-content\/uploads\/sites\/21500\/2017\/10\/20171008_143559.jpg","width":1280,"height":960},{"@type":"BreadcrumbList","@id":"https:\/\/blogs.donboscovolunteers.de\/danielinsambia\/2017\/10\/07\/die-einrichtug\/#breadcrumb","itemListElement":[{"@type":"ListItem","position":1,"name":"Startseite","item":"https:\/\/blogs.donboscovolunteers.de\/danielinsambia\/"},{"@type":"ListItem","position":2,"name":"Die Einrichtug : &#8222;Bildung ist eine Herzenangelegenheit&#8220;"}]},{"@type":"WebSite","@id":"https:\/\/blogs.donboscovolunteers.de\/danielinsambia\/#website","url":"https:\/\/blogs.donboscovolunteers.de\/danielinsambia\/","name":"Daniel in Sambia","description":"Autor: Daniel Thielges","potentialAction":[{"@type":"SearchAction","target":{"@type":"EntryPoint","urlTemplate":"https:\/\/blogs.donboscovolunteers.de\/danielinsambia\/?s={search_term_string}"},"query-input":{"@type":"PropertyValueSpecification","valueRequired":true,"valueName":"search_term_string"}}],"inLanguage":"de"},{"@type":"Person","@id":"https:\/\/blogs.donboscovolunteers.de\/danielinsambia\/#\/schema\/person\/5c4e3e8a640bce625d863420dec4763b","name":"Daniel Thielges","image":{"@type":"ImageObject","inLanguage":"de","@id":"https:\/\/blogs.donboscovolunteers.de\/danielinsambia\/#\/schema\/person\/image\/","url":"https:\/\/secure.gravatar.com\/avatar\/0dd899f5e980bf563cbb7463cd6cf063ef51cff815b148115f22dc84a5fa17a9?s=96&d=mm&r=g","contentUrl":"https:\/\/secure.gravatar.com\/avatar\/0dd899f5e980bf563cbb7463cd6cf063ef51cff815b148115f22dc84a5fa17a9?s=96&d=mm&r=g","caption":"Daniel Thielges"},"url":"https:\/\/blogs.donboscovolunteers.de\/danielinsambia\/author\/danielthielges\/"}]}},"_links":{"self":[{"href":"https:\/\/blogs.donboscovolunteers.de\/danielinsambia\/wp-json\/wp\/v2\/posts\/125","targetHints":{"allow":["GET"]}}],"collection":[{"href":"https:\/\/blogs.donboscovolunteers.de\/danielinsambia\/wp-json\/wp\/v2\/posts"}],"about":[{"href":"https:\/\/blogs.donboscovolunteers.de\/danielinsambia\/wp-json\/wp\/v2\/types\/post"}],"author":[{"embeddable":true,"href":"https:\/\/blogs.donboscovolunteers.de\/danielinsambia\/wp-json\/wp\/v2\/users\/21551"}],"replies":[{"embeddable":true,"href":"https:\/\/blogs.donboscovolunteers.de\/danielinsambia\/wp-json\/wp\/v2\/comments?post=125"}],"version-history":[{"count":9,"href":"https:\/\/blogs.donboscovolunteers.de\/danielinsambia\/wp-json\/wp\/v2\/posts\/125\/revisions"}],"predecessor-version":[{"id":200,"href":"https:\/\/blogs.donboscovolunteers.de\/danielinsambia\/wp-json\/wp\/v2\/posts\/125\/revisions\/200"}],"wp:attachment":[{"href":"https:\/\/blogs.donboscovolunteers.de\/danielinsambia\/wp-json\/wp\/v2\/media?parent=125"}],"wp:term":[{"taxonomy":"category","embeddable":true,"href":"https:\/\/blogs.donboscovolunteers.de\/danielinsambia\/wp-json\/wp\/v2\/categories?post=125"},{"taxonomy":"post_tag","embeddable":true,"href":"https:\/\/blogs.donboscovolunteers.de\/danielinsambia\/wp-json\/wp\/v2\/tags?post=125"}],"curies":[{"name":"wp","href":"https:\/\/api.w.org\/{rel}","templated":true}]}}