{"id":88,"date":"2022-10-18T13:06:56","date_gmt":"2022-10-18T11:06:56","guid":{"rendered":"https:\/\/blogs.donboscovolunteers.de\/christophmang\/?p=88"},"modified":"2022-10-18T13:06:59","modified_gmt":"2022-10-18T11:06:59","slug":"die-zeit-der-feste","status":"publish","type":"post","link":"https:\/\/blogs.donboscovolunteers.de\/christophmang\/2022\/10\/18\/die-zeit-der-feste\/","title":{"rendered":"Die Zeit der Feste"},"content":{"rendered":"<p>Diwali steht vor der T\u00fcr.<em> D<\/em>as Lichterfest, ist ein bedeutendes mehrt\u00e4giges hinduistisches Fest. Dadurch ist in der Stadt noch mehr los, als sonst eh schon. Die Gesch\u00e4fte locken mit speziellen Angeboten. Interessierte str\u00f6men aus allen Himmelsrichtungen in die St\u00e4dte.<\/p>\n\n\n\n<p>Zudem steht heute die Geburtstagsfeier f\u00fcr unseren Father Rector Selvadurai auf dem Programm. <\/p>\n\n\n\n<p>Vor kurzem haben wir unseren Musikraum aka Addys&#8217;s Music Corner wieder auf Vordermann gebracht und aufgeh\u00fcbscht. Nun kann hier wieder gemeinsam in die Tasten, Saiten und auf die Trommeln gehauen werden. Zu Ehren des Sponsors gab es ein Programm. Die Kinder und Jugendlichen erarbeiteten Gesangs-, Tanz- und Trommelshows. Gleichzeitig diente das Programm auch dem Gedenken an den leider viel zu fr\u00fch an einem Herzinfarkt verstorbenen Addy. Im Beisein seiner Angeh\u00f6rigen.   <\/p>\n\n\n\n<p><\/p>\n\n\n\n<p> <\/p>\n\n\n\n<p><\/p>","protected":false},"excerpt":{"rendered":"<p>Diwali steht vor der T\u00fcr. Das Lichterfest, ist ein bedeutendes mehrt\u00e4giges hinduistisches Fest. Dadurch ist in der Stadt noch mehr los, als sonst eh schon. Die Gesch\u00e4fte locken mit speziellen Angeboten. Interessierte str\u00f6men aus allen Himmelsrichtungen in die St\u00e4dte. Zudem steht heute die Geburtstagsfeier f\u00fcr unseren Father Rector Selvadurai auf dem Programm. Vor kurzem haben [&hellip;]<\/p>\n","protected":false},"author":21754,"featured_media":0,"comment_status":"open","ping_status":"open","sticky":false,"template":"","format":"standard","meta":{"footnotes":""},"categories":[1],"tags":[],"class_list":["post-88","post","type-post","status-publish","format-standard","hentry","category-allgemein"],"yoast_head":"<!-- This site is optimized with the Yoast SEO plugin v25.3.1 - https:\/\/yoast.com\/wordpress\/plugins\/seo\/ -->\n<title>Die Zeit der Feste - Ein Jahr mit den Kindern von Coimbatore<\/title>\n<meta name=\"robots\" content=\"index, follow, max-snippet:-1, max-image-preview:large, max-video-preview:-1\" \/>\n<link rel=\"canonical\" href=\"https:\/\/blogs.donboscovolunteers.de\/christophmang\/2022\/10\/18\/die-zeit-der-feste\/\" \/>\n<meta property=\"og:locale\" content=\"de_DE\" \/>\n<meta property=\"og:type\" content=\"article\" \/>\n<meta property=\"og:title\" content=\"Die Zeit der Feste - Ein Jahr mit den Kindern von Coimbatore\" \/>\n<meta property=\"og:description\" content=\"Diwali steht vor der T\u00fcr. Das Lichterfest, ist ein bedeutendes mehrt\u00e4giges hinduistisches Fest. Dadurch ist in der Stadt noch mehr los, als sonst eh schon. Die Gesch\u00e4fte locken mit speziellen Angeboten. Interessierte str\u00f6men aus allen Himmelsrichtungen in die St\u00e4dte. Zudem steht heute die Geburtstagsfeier f\u00fcr unseren Father Rector Selvadurai auf dem Programm. Vor kurzem haben [&hellip;]\" \/>\n<meta property=\"og:url\" content=\"https:\/\/blogs.donboscovolunteers.de\/christophmang\/2022\/10\/18\/die-zeit-der-feste\/\" \/>\n<meta property=\"og:site_name\" content=\"Ein Jahr mit den Kindern von Coimbatore\" \/>\n<meta property=\"article:published_time\" content=\"2022-10-18T11:06:56+00:00\" \/>\n<meta property=\"article:modified_time\" content=\"2022-10-18T11:06:59+00:00\" \/>\n<meta name=\"author\" content=\"Christoph Mang\" \/>\n<meta name=\"twitter:card\" content=\"summary_large_image\" \/>\n<meta name=\"twitter:label1\" content=\"Verfasst von\" \/>\n\t<meta name=\"twitter:data1\" content=\"Christoph Mang\" \/>\n\t<meta name=\"twitter:label2\" content=\"Gesch\u00e4tzte Lesezeit\" \/>\n\t<meta name=\"twitter:data2\" content=\"1\u00a0Minute\" \/>\n<script type=\"application\/ld+json\" class=\"yoast-schema-graph\">{\"@context\":\"https:\/\/schema.org\",\"@graph\":[{\"@type\":\"WebPage\",\"@id\":\"https:\/\/blogs.donboscovolunteers.de\/christophmang\/2022\/10\/18\/die-zeit-der-feste\/\",\"url\":\"https:\/\/blogs.donboscovolunteers.de\/christophmang\/2022\/10\/18\/die-zeit-der-feste\/\",\"name\":\"Die Zeit der Feste - Ein Jahr mit den Kindern von Coimbatore\",\"isPartOf\":{\"@id\":\"https:\/\/blogs.donboscovolunteers.de\/christophmang\/#website\"},\"datePublished\":\"2022-10-18T11:06:56+00:00\",\"dateModified\":\"2022-10-18T11:06:59+00:00\",\"author\":{\"@id\":\"https:\/\/blogs.donboscovolunteers.de\/christophmang\/#\/schema\/person\/039a0ad0efc3ba3a82eb3916115631be\"},\"breadcrumb\":{\"@id\":\"https:\/\/blogs.donboscovolunteers.de\/christophmang\/2022\/10\/18\/die-zeit-der-feste\/#breadcrumb\"},\"inLanguage\":\"de\",\"potentialAction\":[{\"@type\":\"ReadAction\",\"target\":[\"https:\/\/blogs.donboscovolunteers.de\/christophmang\/2022\/10\/18\/die-zeit-der-feste\/\"]}]},{\"@type\":\"BreadcrumbList\",\"@id\":\"https:\/\/blogs.donboscovolunteers.de\/christophmang\/2022\/10\/18\/die-zeit-der-feste\/#breadcrumb\",\"itemListElement\":[{\"@type\":\"ListItem\",\"position\":1,\"name\":\"Startseite\",\"item\":\"https:\/\/blogs.donboscovolunteers.de\/christophmang\/\"},{\"@type\":\"ListItem\",\"position\":2,\"name\":\"Die Zeit der Feste\"}]},{\"@type\":\"WebSite\",\"@id\":\"https:\/\/blogs.donboscovolunteers.de\/christophmang\/#website\",\"url\":\"https:\/\/blogs.donboscovolunteers.de\/christophmang\/\",\"name\":\"Ein Jahr mit den Kindern von Coimbatore\",\"description\":\"Mein Freiwilligendienst in Indien\",\"potentialAction\":[{\"@type\":\"SearchAction\",\"target\":{\"@type\":\"EntryPoint\",\"urlTemplate\":\"https:\/\/blogs.donboscovolunteers.de\/christophmang\/?s={search_term_string}\"},\"query-input\":{\"@type\":\"PropertyValueSpecification\",\"valueRequired\":true,\"valueName\":\"search_term_string\"}}],\"inLanguage\":\"de\"},{\"@type\":\"Person\",\"@id\":\"https:\/\/blogs.donboscovolunteers.de\/christophmang\/#\/schema\/person\/039a0ad0efc3ba3a82eb3916115631be\",\"name\":\"Christoph Mang\",\"image\":{\"@type\":\"ImageObject\",\"inLanguage\":\"de\",\"@id\":\"https:\/\/blogs.donboscovolunteers.de\/christophmang\/#\/schema\/person\/image\/\",\"url\":\"https:\/\/secure.gravatar.com\/avatar\/2df6d9f536a1bee931b4e6411281ed46a00bf07f5ae766fd864f35c4bdd7c4d7?s=96&d=mm&r=g\",\"contentUrl\":\"https:\/\/secure.gravatar.com\/avatar\/2df6d9f536a1bee931b4e6411281ed46a00bf07f5ae766fd864f35c4bdd7c4d7?s=96&d=mm&r=g\",\"caption\":\"Christoph Mang\"},\"description\":\"Ich bin Christoph, 30 Jahre alt, und mache \u00fcber Don Bosco einen Freiwilligendienst in einem Kinderheim in Coimbatore im S\u00fcden von Indien. Momentan studiere ich im 8.Semester Soziale Arbeit. Ich freue mich, dass du dich f\u00fcr meinen Blog interessierst.\",\"url\":\"https:\/\/blogs.donboscovolunteers.de\/christophmang\/author\/christophmang\/\"}]}<\/script>\n<!-- \/ Yoast SEO plugin. -->","yoast_head_json":{"title":"Die Zeit der Feste - Ein Jahr mit den Kindern von Coimbatore","robots":{"index":"index","follow":"follow","max-snippet":"max-snippet:-1","max-image-preview":"max-image-preview:large","max-video-preview":"max-video-preview:-1"},"canonical":"https:\/\/blogs.donboscovolunteers.de\/christophmang\/2022\/10\/18\/die-zeit-der-feste\/","og_locale":"de_DE","og_type":"article","og_title":"Die Zeit der Feste - Ein Jahr mit den Kindern von Coimbatore","og_description":"Diwali steht vor der T\u00fcr. Das Lichterfest, ist ein bedeutendes mehrt\u00e4giges hinduistisches Fest. Dadurch ist in der Stadt noch mehr los, als sonst eh schon. Die Gesch\u00e4fte locken mit speziellen Angeboten. Interessierte str\u00f6men aus allen Himmelsrichtungen in die St\u00e4dte. Zudem steht heute die Geburtstagsfeier f\u00fcr unseren Father Rector Selvadurai auf dem Programm. Vor kurzem haben [&hellip;]","og_url":"https:\/\/blogs.donboscovolunteers.de\/christophmang\/2022\/10\/18\/die-zeit-der-feste\/","og_site_name":"Ein Jahr mit den Kindern von Coimbatore","article_published_time":"2022-10-18T11:06:56+00:00","article_modified_time":"2022-10-18T11:06:59+00:00","author":"Christoph Mang","twitter_card":"summary_large_image","twitter_misc":{"Verfasst von":"Christoph Mang","Gesch\u00e4tzte Lesezeit":"1\u00a0Minute"},"schema":{"@context":"https:\/\/schema.org","@graph":[{"@type":"WebPage","@id":"https:\/\/blogs.donboscovolunteers.de\/christophmang\/2022\/10\/18\/die-zeit-der-feste\/","url":"https:\/\/blogs.donboscovolunteers.de\/christophmang\/2022\/10\/18\/die-zeit-der-feste\/","name":"Die Zeit der Feste - Ein Jahr mit den Kindern von Coimbatore","isPartOf":{"@id":"https:\/\/blogs.donboscovolunteers.de\/christophmang\/#website"},"datePublished":"2022-10-18T11:06:56+00:00","dateModified":"2022-10-18T11:06:59+00:00","author":{"@id":"https:\/\/blogs.donboscovolunteers.de\/christophmang\/#\/schema\/person\/039a0ad0efc3ba3a82eb3916115631be"},"breadcrumb":{"@id":"https:\/\/blogs.donboscovolunteers.de\/christophmang\/2022\/10\/18\/die-zeit-der-feste\/#breadcrumb"},"inLanguage":"de","potentialAction":[{"@type":"ReadAction","target":["https:\/\/blogs.donboscovolunteers.de\/christophmang\/2022\/10\/18\/die-zeit-der-feste\/"]}]},{"@type":"BreadcrumbList","@id":"https:\/\/blogs.donboscovolunteers.de\/christophmang\/2022\/10\/18\/die-zeit-der-feste\/#breadcrumb","itemListElement":[{"@type":"ListItem","position":1,"name":"Startseite","item":"https:\/\/blogs.donboscovolunteers.de\/christophmang\/"},{"@type":"ListItem","position":2,"name":"Die Zeit der Feste"}]},{"@type":"WebSite","@id":"https:\/\/blogs.donboscovolunteers.de\/christophmang\/#website","url":"https:\/\/blogs.donboscovolunteers.de\/christophmang\/","name":"Ein Jahr mit den Kindern von Coimbatore","description":"Mein Freiwilligendienst in Indien","potentialAction":[{"@type":"SearchAction","target":{"@type":"EntryPoint","urlTemplate":"https:\/\/blogs.donboscovolunteers.de\/christophmang\/?s={search_term_string}"},"query-input":{"@type":"PropertyValueSpecification","valueRequired":true,"valueName":"search_term_string"}}],"inLanguage":"de"},{"@type":"Person","@id":"https:\/\/blogs.donboscovolunteers.de\/christophmang\/#\/schema\/person\/039a0ad0efc3ba3a82eb3916115631be","name":"Christoph Mang","image":{"@type":"ImageObject","inLanguage":"de","@id":"https:\/\/blogs.donboscovolunteers.de\/christophmang\/#\/schema\/person\/image\/","url":"https:\/\/secure.gravatar.com\/avatar\/2df6d9f536a1bee931b4e6411281ed46a00bf07f5ae766fd864f35c4bdd7c4d7?s=96&d=mm&r=g","contentUrl":"https:\/\/secure.gravatar.com\/avatar\/2df6d9f536a1bee931b4e6411281ed46a00bf07f5ae766fd864f35c4bdd7c4d7?s=96&d=mm&r=g","caption":"Christoph Mang"},"description":"Ich bin Christoph, 30 Jahre alt, und mache \u00fcber Don Bosco einen Freiwilligendienst in einem Kinderheim in Coimbatore im S\u00fcden von Indien. Momentan studiere ich im 8.Semester Soziale Arbeit. Ich freue mich, dass du dich f\u00fcr meinen Blog interessierst.","url":"https:\/\/blogs.donboscovolunteers.de\/christophmang\/author\/christophmang\/"}]}},"_links":{"self":[{"href":"https:\/\/blogs.donboscovolunteers.de\/christophmang\/wp-json\/wp\/v2\/posts\/88","targetHints":{"allow":["GET"]}}],"collection":[{"href":"https:\/\/blogs.donboscovolunteers.de\/christophmang\/wp-json\/wp\/v2\/posts"}],"about":[{"href":"https:\/\/blogs.donboscovolunteers.de\/christophmang\/wp-json\/wp\/v2\/types\/post"}],"author":[{"embeddable":true,"href":"https:\/\/blogs.donboscovolunteers.de\/christophmang\/wp-json\/wp\/v2\/users\/21754"}],"replies":[{"embeddable":true,"href":"https:\/\/blogs.donboscovolunteers.de\/christophmang\/wp-json\/wp\/v2\/comments?post=88"}],"version-history":[{"count":3,"href":"https:\/\/blogs.donboscovolunteers.de\/christophmang\/wp-json\/wp\/v2\/posts\/88\/revisions"}],"predecessor-version":[{"id":91,"href":"https:\/\/blogs.donboscovolunteers.de\/christophmang\/wp-json\/wp\/v2\/posts\/88\/revisions\/91"}],"wp:attachment":[{"href":"https:\/\/blogs.donboscovolunteers.de\/christophmang\/wp-json\/wp\/v2\/media?parent=88"}],"wp:term":[{"taxonomy":"category","embeddable":true,"href":"https:\/\/blogs.donboscovolunteers.de\/christophmang\/wp-json\/wp\/v2\/categories?post=88"},{"taxonomy":"post_tag","embeddable":true,"href":"https:\/\/blogs.donboscovolunteers.de\/christophmang\/wp-json\/wp\/v2\/tags?post=88"}],"curies":[{"name":"wp","href":"https:\/\/api.w.org\/{rel}","templated":true}]}}